{"id":6060,"__str__":"Parecer da Procuradoria Legislativa - Procuradoria Legislativa de 07/04/2021 por Eduardo Ter\u00e7o Falc\u00e3o","metadata":{},"nome":"Procuradoria Legislativa","data":"2021-04-07","autor":"Eduardo Ter\u00e7o Falc\u00e3o","ementa":"PROJETO DE LEI. MAT\u00c9RIA LOCAL. ART. 30, INCISO I, DA CF/88 E ART. 8, INCISO I, DA LOMAN. LEGALIDADE","indexacao":"","arquivo":"http://sapl.cmm.am.gov.br/media/sapl/public/documentoacessorio/2021/6060/parecer_77_assinado.pdf","data_ultima_atualizacao":"2021-04-09T04:38:15.299537-04:00","materia":4559,"tipo":2}