{"id":60554,"__str__":"Parecer do (a) Relator (a) - Parecer do (a) Relator (a) de 15/04/2025 por DR. EDUARDO ASSIS","metadata":{},"nome":"Parecer do (a) Relator (a)","data":"2025-04-15","autor":"DR. EDUARDO ASSIS","ementa":"PROJETO DE RESOLU\u00c7\u00c3O N\u00b0 004/2024 - de autoria do Vereador Rodrigo Guedes, que \u201cCRIA a Frente Parlamentar em Defesa da Revitaliza\u00e7\u00e3o das Bacias Hidrogr\u00e1ficas, Conserva\u00e7\u00e3o dos Recursos H\u00eddricos e Enfrentamento \u00e0s Estiagens e d\u00e1 outras provid\u00eancias\u201d. 2\u00aa CCJR","indexacao":"","arquivo":"http://sapl.cmm.am.gov.br/media/sapl/public/documentoacessorio/2024/60554/parecer_ccjr_pr_004_2024_ver_rodrigo_guedes_camara_digital.pdf","data_ultima_atualizacao":"2025-04-16T12:39:04.259384-04:00","materia":50910,"tipo":1}