{"id":6026,"__str__":"Parecer da Procuradoria Legislativa - Procuradoria Legislativa de 02/04/2021 por Eduardo Ter\u00e7o Falc\u00e3o","metadata":{},"nome":"Procuradoria Legislativa","data":"2021-04-02","autor":"Eduardo Ter\u00e7o Falc\u00e3o","ementa":"PROJETO DE LEI INSTITUI O PROGRAMA DE PREVEN\u00c7\u00c3O E CONTROLE DO DIABETES NAS CRECHES E ESCOLAS P\u00daBLICAS MUNICIPAIS \u2013 MAT\u00c9RIA N\u00c3O RESERVADA AO EXECUTIVO - REGULAR TR\u00c2MITE \u2013 ART. 22, I, \u201ca\u201d e \u201cc\u201d, LOMAN.","indexacao":"","arquivo":"http://sapl.cmm.am.gov.br/media/sapl/public/documentoacessorio/2021/6026/pl_026-2021-programa_prevencao_diabetis.pdf","data_ultima_atualizacao":"2021-05-10T19:13:39.272373-04:00","materia":3749,"tipo":2}