{"id":5898,"__str__":"Parecer da Comiss\u00e3o - 2\u00aa CCJR de 24/03/2021 por DR. EDUARDO ASSIS","metadata":{},"nome":"2\u00aa CCJR","data":"2021-03-24","autor":"DR. EDUARDO ASSIS","ementa":"PROJETO DE LEI: N\u00b0 302/2020 de autoria do Vereador Jaildo Oliveira que \u201cPRO\u00cdBE a circula\u00e7\u00e3o de \u00f4nibus do transporte coletivo urbano da cidade de Manaus sem COBRADOR e d\u00e1 outras provid\u00eancias\u201d.","indexacao":"","arquivo":"http://sapl.cmm.am.gov.br/media/sapl/public/documentoacessorio/2020/5898/parecer_pl_302_2020.pdf","data_ultima_atualizacao":"2021-03-24T16:39:36.925774-04:00","materia":2913,"tipo":9}