{"id":582,"__str__":"Parecer da Procuradoria Legislativa - Procuradoria Legislativa de 13/04/2020 por Eduardo Ter\u00e7o Falc\u00e3o","metadata":{},"nome":"Procuradoria Legislativa","data":"2020-04-13","autor":"Eduardo Ter\u00e7o Falc\u00e3o","ementa":"","indexacao":"","arquivo":"http://sapl.cmm.am.gov.br/media/sapl/public/documentoacessorio/2020/582/parecer_procuradoria_pl_070-2020.pdf","data_ultima_atualizacao":"2020-04-15T14:44:01.232372-04:00","materia":626,"tipo":2}