{"id":58153,"__str__":"Parecer de Reda\u00e7\u00e3o - CCJR de 26/08/2024 por Comiss\u00e3o de Constitui\u00e7\u00e3o de Justi\u00e7a e Reda\u00e7\u00e3o","metadata":{},"nome":"CCJR","data":"2024-08-26","autor":"Comiss\u00e3o de Constitui\u00e7\u00e3o de Justi\u00e7a e Reda\u00e7\u00e3o","ementa":"CRIA, na estrutura b\u00e1sica da Rede P\u00fablica Municipal de Ensino de Manaus, a Creche Municipal Jos\u00e9 de Oliveira Fernandes e d\u00e1 outras provid\u00eancias.","indexacao":"","arquivo":"http://sapl.cmm.am.gov.br/media/sapl/public/documentoacessorio/2023/58153/parecer_de_redacao_do_pl_568_2023.pdf","data_ultima_atualizacao":"2024-08-26T10:12:37.754461-04:00","materia":50584,"tipo":11}