{"id":57562,"__str__":"Parecer de Reda\u00e7\u00e3o - CCJR de 17/06/2024 por Comiss\u00e3o de Constitui\u00e7\u00e3o de Justi\u00e7a e Reda\u00e7\u00e3o","metadata":{},"nome":"CCJR","data":"2024-06-17","autor":"Comiss\u00e3o de Constitui\u00e7\u00e3o de Justi\u00e7a e Reda\u00e7\u00e3o","ementa":": INSTITUI prioridade na matr\u00edcula em creches da rede de ensino municipal \u00e0s crian\u00e7as com defici\u00eancia e d\u00e1 outras provid\u00eancias","indexacao":"","arquivo":"http://sapl.cmm.am.gov.br/media/sapl/public/documentoacessorio/2021/57562/parecer_de_redacao_do_pl__569_2021.pdf","data_ultima_atualizacao":"2024-06-17T10:27:00.423451-04:00","materia":12342,"tipo":11}