{"id":5635,"__str__":"Parecer de Reda\u00e7\u00e3o - 2.\u00aa CCJR de 19/01/2021 por Comiss\u00e3o de Constitui\u00e7\u00e3o, Justi\u00e7a e Reda\u00e7\u00e3o","metadata":{},"nome":"2.\u00aa CCJR","data":"2021-01-19","autor":"Comiss\u00e3o de Constitui\u00e7\u00e3o, Justi\u00e7a e Reda\u00e7\u00e3o","ementa":"ESTABELECE como Dia Oficial da Instala\u00e7\u00e3o da C\u00e2mara Municipal de Manaus o dia 21 de dezembro e d\u00e1 outras provid\u00eancias.","indexacao":"","arquivo":"http://sapl.cmm.am.gov.br/media/sapl/public/documentoacessorio/2020/5635/parecer_de_redacao_do_pl_n._368_2020_assinado.pdf","data_ultima_atualizacao":"2021-01-19T08:38:17.465853-04:00","materia":3503,"tipo":11}