{"id":56340,"__str__":"Certid\u00e3o de Vota\u00e7\u00e3o - 23\u00aa COMPCD de 11/03/2024 por 23\u00aa COMPCD","metadata":{},"nome":"23\u00aa COMPCD","data":"2024-03-11","autor":"23\u00aa COMPCD","ementa":"INSTITUI a Semana Municipal de Conscientiza\u00e7\u00e3o e Combate ao Capacitismo, a ser realizada anualmente na primeira semana de setembro, e d\u00e1 outras provid\u00eancias.","indexacao":"","arquivo":"http://sapl.cmm.am.gov.br/media/sapl/public/documentoacessorio/2023/56340/certidao_23__pl_255_2023.pdf","data_ultima_atualizacao":"2024-03-20T11:09:42.625444-04:00","materia":50195,"tipo":25}