{"id":56209,"__str__":"Protocolo da PMM - PMM de 06/03/2024 por Prefeitura de Manaus","metadata":{},"nome":"PMM","data":"2024-03-06","autor":"Prefeitura de Manaus","ementa":"CRIA, na estrutura b\u00e1sica da Rede P\u00fablica Municipal de Ensino de Manaus, a Creche Municipal Caio Fabio D' Ara\u00fajo e d\u00e1 outras provid\u00eancias","indexacao":"","arquivo":"http://sapl.cmm.am.gov.br/media/sapl/public/documentoacessorio/2023/56209/protocolo_pmm_pl_n_572_2023.pdf","data_ultima_atualizacao":"2024-03-06T12:22:56.107406-04:00","materia":50589,"tipo":27}