{"id":56207,"__str__":"Parecer de Reda\u00e7\u00e3o - CCJR de 06/03/2024 por Comiss\u00e3o de Constitui\u00e7\u00e3o de Justi\u00e7a e Reda\u00e7\u00e3o","metadata":{},"nome":"CCJR","data":"2024-03-06","autor":"Comiss\u00e3o de Constitui\u00e7\u00e3o de Justi\u00e7a e Reda\u00e7\u00e3o","ementa":"CRIA, na estrutura b\u00e1sica da Rede P\u00fablica Municipal de Ensino de Manaus, a Creche Municipal Caio Fabio D' Ara\u00fajo e d\u00e1 outras provid\u00eancias","indexacao":"","arquivo":"http://sapl.cmm.am.gov.br/media/sapl/public/documentoacessorio/2023/56207/parecer_de_redacao_do_pl_572_2023.pdf","data_ultima_atualizacao":"2024-03-06T12:22:04.402530-04:00","materia":50589,"tipo":11}