{"id":55957,"__str__":"Parecer do (a) Relator (a) - Parecer do (a) Relator (a) de 23/02/2024 por PROF. SAMUEL","metadata":{},"nome":"Parecer do (a) Relator (a)","data":"2024-02-23","autor":"PROF. SAMUEL","ementa":"Projeto de Lei n\u00ba 568/2023 \u2013 de autoria do Executivo Municipal, CRIA na estrutura b\u00e1sica da Rede P\u00fablica Municipal de Ensino de Manaus a Creche Municipal Jos\u00e9 de Oliveira Fernandes e d\u00e1 outras provid\u00eancias.","indexacao":"","arquivo":"http://sapl.cmm.am.gov.br/media/sapl/public/documentoacessorio/2023/55957/parecer__-_pl_n._568-2024_comed_-_ff.pdf","data_ultima_atualizacao":"2024-02-26T08:20:28.711116-04:00","materia":50584,"tipo":1}