{"id":55925,"__str__":"Of\u00edcio - DvLEI de 21/02/2024 por Divis\u00e3o de Leis","metadata":{},"nome":"DvLEI","data":"2024-02-21","autor":"Divis\u00e3o de Leis","ementa":"INSTITUI a Semana da Conscientiza\u00e7\u00e3o do Descarte Respons\u00e1vel do Lixo no munic\u00edpio de Manaus e d\u00e1 outras provid\u00eancias","indexacao":"","arquivo":"http://sapl.cmm.am.gov.br/media/sapl/public/documentoacessorio/2021/55925/of_n_007_2024_pl_n_158_2021_ver_marcio_tavares.pdf","data_ultima_atualizacao":"2024-02-21T14:13:40.914070-04:00","materia":5520,"tipo":12}