{"id":55149,"__str__":"Of\u00edcio - Divis\u00e3o de Leis de 13/12/2023 por DLEIS","metadata":{},"nome":"Divis\u00e3o de Leis","data":"2023-12-13","autor":"DLEIS","ementa":"ALTERA o art. 1.\u00ba da Lei n. 2.195, de 29 de dezembro de 2016, para inserir \u201cDireitos das Pessoas com Defici\u00eancia\u201d como tema transversal a ser ministrado nas escolas da rede p\u00fablica do munic\u00edpio de Manaus","indexacao":"","arquivo":"http://sapl.cmm.am.gov.br/media/sapl/public/documentoacessorio/2021/55149/of_n_292_2023_pl_n_507_2021_ver_william_alemao_assinado.pdf","data_ultima_atualizacao":"2023-12-13T10:47:40.147611-04:00","materia":11023,"tipo":12}