{"id":54341,"__str__":"Parecer de Reda\u00e7\u00e3o - 2\u00aa Comiss\u00e3o de Constitui\u00e7\u00e3o, Justi\u00e7a e Reda\u00e7\u00e3o de 06/12/2023 por 2\u00aa CCJR","metadata":{},"nome":"2\u00aa Comiss\u00e3o de Constitui\u00e7\u00e3o, Justi\u00e7a e Reda\u00e7\u00e3o","data":"2023-12-06","autor":"2\u00aa CCJR","ementa":": DISP\u00d5E sobre o resgate, a captura e a remo\u00e7\u00e3o de abelhas silvestres nativas (melipon\u00edneos), visando \u00e0 sua prote\u00e7\u00e3o e reprodu\u00e7\u00e3o, no munic\u00edpio de Manaus e d\u00e1 outras provid\u00eancias","indexacao":"","arquivo":"http://sapl.cmm.am.gov.br/media/sapl/public/documentoacessorio/2022/54341/parecer_de_redacao_do_pl_196_2022.pdf","data_ultima_atualizacao":"2023-12-06T09:57:52.390009-04:00","materia":28920,"tipo":11}