{"id":54337,"__str__":"Protocolo da PMM - Divis\u00e3o de Leis de 06/12/2023 por DLEIS","metadata":{},"nome":"Divis\u00e3o de Leis","data":"2023-12-06","autor":"DLEIS","ementa":"DISP\u00d5E sobre a valoriza\u00e7\u00e3o e inclus\u00e3o de pessoas com defici\u00eancia (PcD) e doen\u00e7as raras na publicidade institucional do Munic\u00edpio de Manaus e d\u00e1 outras provid\u00eancias","indexacao":"","arquivo":"http://sapl.cmm.am.gov.br/media/sapl/public/documentoacessorio/2022/54337/protocolo_pmm_pl_n_185_2022.pdf","data_ultima_atualizacao":"2023-12-06T09:56:34.444179-04:00","materia":28478,"tipo":27}