{"id":541,"__str__":"Parecer de Reda\u00e7\u00e3o - 2.\u00aa CCJR de 06/04/2020 por Comiss\u00e3o de Constitui\u00e7\u00e3o, Justi\u00e7a e Reda\u00e7\u00e3o","metadata":{},"nome":"2.\u00aa CCJR","data":"2020-04-06","autor":"Comiss\u00e3o de Constitui\u00e7\u00e3o, Justi\u00e7a e Reda\u00e7\u00e3o","ementa":"AUTORIZA a utiliza\u00e7\u00e3o de recursos vinculados arrecadados pela Administra\u00e7\u00e3o Direta nas A\u00e7\u00f5es de Servi\u00e7os P\u00fablicos de Sa\u00fade, nas A\u00e7\u00f5es de Mitiga\u00e7\u00e3o dos Impactos do Isolamento Social e nas Despesas com Pessoal do Poder Executivo, exceto os destinados \u00e0 Educa\u00e7\u00e3o, \u00e0 Sa\u00fade, \u00e0 Ilumina\u00e7\u00e3o P\u00fablica, \u00e0s Opera\u00e7\u00f5es de Cr\u00e9dito, aos Conv\u00eanios e \u00e0s Fontes Descentralizadas das autarquias e funda\u00e7\u00f5es.","indexacao":"","arquivo":"http://sapl.cmm.am.gov.br/media/sapl/public/documentoacessorio/2020/541/parecer_de_redacao_do_pl_068.2020_-_assinado.pdf","data_ultima_atualizacao":"2020-04-06T15:23:12.052785-04:00","materia":624,"tipo":11}