{"id":5349,"__str__":"Parecer da Comiss\u00e3o - Comiss\u00e3o Especial de Comendas de 14/12/2020 por Ver. Gl\u00f3ria Carratte","metadata":{},"nome":"Comiss\u00e3o Especial de Comendas","data":"2020-12-14","autor":"Ver. Gl\u00f3ria Carratte","ementa":"","indexacao":"","arquivo":"http://sapl.cmm.am.gov.br/media/sapl/public/documentoacessorio/2020/5349/parecer_ao_pdl_017_2020_comendas.pdf","data_ultima_atualizacao":"2020-12-14T08:10:51.790033-04:00","materia":3358,"tipo":9}