{"id":52431,"__str__":"Parecer de Reda\u00e7\u00e3o - 2\u00aa Comiss\u00e3o de Constitui\u00e7\u00e3o, Justi\u00e7a e Reda\u00e7\u00e3o de 27/11/2023 por 2\u00aa CCJR","metadata":{},"nome":"2\u00aa Comiss\u00e3o de Constitui\u00e7\u00e3o, Justi\u00e7a e Reda\u00e7\u00e3o","data":"2023-11-27","autor":"2\u00aa CCJR","ementa":"ALTERA a reda\u00e7\u00e3o do art. 361 da Lei Org\u00e2nica do Munic\u00edpio de Manaus (Loman)","indexacao":"","arquivo":"http://sapl.cmm.am.gov.br/media/sapl/public/documentoacessorio/2023/52431/parecer_de_redacao_do_pel_001_2023.pdf","data_ultima_atualizacao":"2023-11-27T13:15:12.013366-04:00","materia":49995,"tipo":11}