{"id":50783,"__str__":"Parecer da Comiss\u00e3o - 6\u00aa COMSAU de 07/11/2023 por ELAN ALENCAR","metadata":{},"nome":"6\u00aa COMSAU","data":"2023-11-07","autor":"ELAN ALENCAR","ementa":"Parecer ao Projeto de Lei n. 141/2023, de autoria do Ver. Eduardo Alfaia que \u201cALTERA o \u00a7 2.\u00ba do art. 1.\u00ba da Lei n. 2.755, de 8 de julho de 2021, que estabelece, no \u00e2mbito do munic\u00edpio de Manaus, a vis\u00e3o monocular como defici\u00eancia visual e d\u00e1 outras provid\u00eancias.\u201d","indexacao":"","arquivo":"http://sapl.cmm.am.gov.br/media/sapl/public/documentoacessorio/2023/50783/parecer_6a_pl_141_2023.pdf","data_ultima_atualizacao":"2023-11-07T12:11:01.792529-04:00","materia":50064,"tipo":9}