{"id":50719,"__str__":"Protocolo da PMM - DLEIS de 19/10/2023 por Divis\u00e3o de Leis","metadata":{},"nome":"DLEIS","data":"2023-10-19","autor":"Divis\u00e3o de Leis","ementa":"ALTERA o nome da Feira Municipal do Japiim para Feira Municipal do Japiim Jos\u00e9 Ferreira Rios \u201cSerra Osso\u201d e d\u00e1 outras provid\u00eancias","indexacao":"","arquivo":"http://sapl.cmm.am.gov.br/media/sapl/public/documentoacessorio/2023/50719/protocolo_pl_n_477_2023.pdf","data_ultima_atualizacao":"2023-10-19T12:53:05.692479-04:00","materia":50474,"tipo":27}