{"id":49763,"__str__":"Parecer da Comiss\u00e3o - 9\u00aa COMCPH de 09/10/2023 por Ver. Elan Alencar","metadata":{},"nome":"9\u00aa COMCPH","data":"2023-10-09","autor":"Ver. Elan Alencar","ementa":"Projeto de Lei n. 614/2021, de autoria do Ver. Dr. Daniel Vasconcelos que \u201cDISP\u00d5E sobre a cria\u00e7\u00e3o do programa Talentos da Terra no munic\u00edpio de Manaus e d\u00e1 outras provid\u00eancias.\u201d","indexacao":"","arquivo":"http://sapl.cmm.am.gov.br/media/sapl/public/documentoacessorio/2021/49763/ass.pl._n.614.21.comcph.pdf","data_ultima_atualizacao":"2024-03-14T08:05:39.571943-04:00","materia":12938,"tipo":9}