{"id":49573,"__str__":"Of\u00edcio - DLEIS de 25/09/2023 por Divis\u00e3o de Leis","metadata":{},"nome":"DLEIS","data":"2023-09-25","autor":"Divis\u00e3o de Leis","ementa":"INCLUI, no Calend\u00e1rio Oficial da Cidade de Manaus, a Semana do Migrante do Munic\u00edpio de Manaus, a ser comemorada, anualmente, na \u00faltima semana do m\u00eas de junho","indexacao":"","arquivo":"http://sapl.cmm.am.gov.br/media/sapl/public/documentoacessorio/2022/49573/of_n_190_2023_pl_n_096_2022_ver_marcelo_serafim_assinado.pdf","data_ultima_atualizacao":"2023-09-25T11:48:35.578398-04:00","materia":25632,"tipo":12}