{"id":4908,"__str__":"Parecer de Reda\u00e7\u00e3o - 2.\u00aa CCJR de 28/10/2020 por Comiss\u00e3o de Constitui\u00e7\u00e3o, Justi\u00e7a e Reda\u00e7\u00e3o","metadata":{},"nome":"2.\u00aa CCJR","data":"2020-10-28","autor":"Comiss\u00e3o de Constitui\u00e7\u00e3o, Justi\u00e7a e Reda\u00e7\u00e3o","ementa":"DISP\u00d5E sobre o Programa Nossa Merenda, institu\u00eddo pela Lei n. 2.595, de 31 de mar\u00e7o de 2020, no \u00e2mbito do munic\u00edpio de Manaus, como medida emergencial de enfrentamento da pandemia da Covid-19, e d\u00e1 outras provid\u00eancias.","indexacao":"","arquivo":"http://sapl.cmm.am.gov.br/media/sapl/public/documentoacessorio/2020/4908/parecer_de_redacao_do_pl_327.2020_-_assinado.pdf","data_ultima_atualizacao":"2020-10-28T11:42:41.740731-04:00","materia":3096,"tipo":11}