{"id":48890,"__str__":"Parecer do (a) Relator (a) - Parecer do (a) Relator (a) de 07/09/2023 por DR. EDUARDO ASSIS","metadata":{},"nome":"Parecer do (a) Relator (a)","data":"2023-09-07","autor":"DR. EDUARDO ASSIS","ementa":"PROJETO DE LEI n\u00ba 545/2021 EMENDA 01 \u2013 de autoria do vereador Diego Afonso, que \u201cDisp\u00f5e sobre o apoio e a inser\u00e7\u00e3o \u00e0s pessoas portadoras de defici\u00eancia audiovisual em eventos esportivos e culturais oficiais da cidade de Manaus\u201d.","indexacao":"","arquivo":"http://sapl.cmm.am.gov.br/media/sapl/public/documentoacessorio/2021/48890/parecer_comesp_emenda_01_pl_545_2021_ver_diego.pdf","data_ultima_atualizacao":"2023-09-11T10:46:19.971952-04:00","materia":11819,"tipo":1}