{"id":48859,"__str__":"Parecer de Reda\u00e7\u00e3o - 2.\u00aa CCJR de 04/09/2023 por Comiss\u00e3o de Constitui\u00e7\u00e3o, Justi\u00e7a e Reda\u00e7\u00e3o","metadata":{},"nome":"2.\u00aa CCJR","data":"2023-09-04","autor":"Comiss\u00e3o de Constitui\u00e7\u00e3o, Justi\u00e7a e Reda\u00e7\u00e3o","ementa":"DISP\u00d5E sobre atendimento preferencial \u00e0s pessoas portadoras de cardiopatias graves na rede p\u00fablica de sa\u00fade no munic\u00edpio de Manaus","indexacao":"","arquivo":"http://sapl.cmm.am.gov.br/media/sapl/public/documentoacessorio/2022/48859/parecer_de_redacao_do_pl_244_2022.pdf","data_ultima_atualizacao":"2023-09-04T11:18:57.592683-04:00","materia":29577,"tipo":11}