{"id":48553,"__str__":"Parecer do (a) Relator (a) - Parecer do (a) Relator (a) de 29/08/2023 por FRANSU\u00c1","metadata":{},"nome":"Parecer do (a) Relator (a)","data":"2023-08-29","autor":"FRANSU\u00c1","ementa":"PROJETO DE LEI N\u00ba. 158/2021\r\nAUTORIA: Vereador Marcio Tavares\r\nEMENTA: Institui a Semana da Conscientiza\u00e7\u00e3o do Descarte Respons\u00e1vel do Lixo, e d\u00e1 outras provid\u00eancias no munic\u00edpio de Manaus, e d\u00e1 outras provid\u00eancias.","indexacao":"","arquivo":"http://sapl.cmm.am.gov.br/media/sapl/public/documentoacessorio/2021/48553/parecer_pl_158_2023_marcio_tavares.pdf","data_ultima_atualizacao":"2023-08-29T09:46:04.161350-04:00","materia":5520,"tipo":1}