{"id":47620,"__str__":"Parecer do (a) Relator (a) - Parecer do (a) Relator (a) de 03/08/2023 por PROF.\u00aa JACQUELINE","metadata":{},"nome":"Parecer do (a) Relator (a)","data":"2023-08-03","autor":"PROF.\u00aa JACQUELINE","ementa":"2\u00aa COMISS\u00c3O - CONSTITUI\u00c7\u00c3O, JUSTI\u00c7A E REDA\u00c7\u00c3O - Projeto de Lei n\u00ba 030/2023, de autoria do Vereador Wallace Oliveira que \u201cDISP\u00d5E sobre a instala\u00e7\u00e3o de Centros de Refer\u00eancia Especializados no Atendimento Integral \u00e0s Pessoas com Transtorno do Espectro Autista e com S\u00edndrome de Down\u201d.","indexacao":"","arquivo":"http://sapl.cmm.am.gov.br/media/sapl/public/documentoacessorio/2023/47620/parecer_pl_030.23_-_contrario.pdf","data_ultima_atualizacao":"2023-08-04T09:17:39.107605-04:00","materia":49937,"tipo":1}