{"id":47553,"__str__":"Parecer do (a) Relator (a) - Parecer do (a) Relator (a) de 01/08/2023 por MARCELO SERAFIM","metadata":{},"nome":"Parecer do (a) Relator (a)","data":"2023-08-01","autor":"MARCELO SERAFIM","ementa":"Parecer ao Projeto de Lei n\u00ba 095/2023,  de autoria do Vereador Raiff Matos, que institui a Campanha de Preven\u00e7\u00e3o \u00e0s Amputa\u00e7\u00f5es em Pacientes Diab\u00e9ticos no \u00e2mbito do munic\u00edpio de Manaus e d\u00e1 outras provid\u00eancias.","indexacao":"","arquivo":"http://sapl.cmm.am.gov.br/media/sapl/public/documentoacessorio/2023/47553/parecer_3a_pl_095_2023.pdf","data_ultima_atualizacao":"2023-08-03T07:59:07.267644-04:00","materia":50008,"tipo":1}