{"id":46805,"__str__":"Parecer de Reda\u00e7\u00e3o - DLeis de 10/07/2023 por Divis\u00e3o de Leis","metadata":{},"nome":"DLeis","data":"2023-07-10","autor":"Divis\u00e3o de Leis","ementa":"","indexacao":"","arquivo":"http://sapl.cmm.am.gov.br/media/sapl/public/documentoacessorio/2022/46805/parecer_de_redacao_do_pl_259_2022.pdf","data_ultima_atualizacao":"2023-07-10T12:16:06.610489-04:00","materia":29938,"tipo":11}