{"id":46704,"__str__":"Parecer da Procuradoria Administrativa - Processo: 2022.10000.10718.0.000020 de 04/07/2023 por Dr. Silvio da Costa Bringel Batista","metadata":{},"nome":"Processo: 2022.10000.10718.0.000020","data":"2023-07-04","autor":"Dr. Silvio da Costa Bringel Batista","ementa":"Nomea\u00e7\u00e3o para cargos de verba de gabinete com valores abaixo do sal\u00e1rio m\u00ednimo.","indexacao":"Nomea\u00e7\u00e3o para cargos de verba de gabinete com valores abaixo do sal\u00e1rio m\u00ednimo.","arquivo":"http://sapl.cmm.am.gov.br/media/sapl/public/documentoacessorio/2023/46704/procuradoria_cmm_-_cargos_de_verba_de_gabinete.pdf","data_ultima_atualizacao":"2023-07-04T13:59:57.338488-04:00","materia":50369,"tipo":17}