{"id":46682,"__str__":"Parecer de Vista - Plen\u00e1rio - Parecer de Vista - Plen\u00e1rio de 29/06/2023 por THAYSA LIPPY","metadata":{},"nome":"Parecer de Vista - Plen\u00e1rio","data":"2023-06-29","autor":"THAYSA LIPPY","ementa":"Parecer de Vista ao Projeto de Lei n.\u00ba 06/2023 de autoria do Vereador Raiff Matos que ALTERA o art. 2.\u00ba e insere o art. 2.\u00ba-A na Lei n. 519, de 25 de abril de 2022","indexacao":"","arquivo":"http://sapl.cmm.am.gov.br/media/sapl/public/documentoacessorio/2023/46682/parecer_2a_vistas.pl_06_2023.pdf","data_ultima_atualizacao":"2023-07-04T11:18:34.500299-04:00","materia":49907,"tipo":5}