{"id":46302,"__str__":"Emenda - Emenda 7 de 26/06/2023 por Vereador Mitoso","metadata":{},"nome":"Emenda 7","data":"2023-06-26","autor":"Vereador Mitoso","ementa":"Acrescenta no Anexo I - PRIORIDADES DA ADMINISTRA\u00c7\u00c3O P\u00daBLICA MUNICIPAL, na Fun\u00e7\u00e3o Educa\u00e7\u00e3o, a A\u00e7\u00e3o atividades pedag\u00f3gicas especiais antibullying.","indexacao":"Acrescenta no Anexo I - PRIORIDADES DA ADMINISTRA\u00c7\u00c3O P\u00daBLICA MUNICIPAL, na Fun\u00e7\u00e3o Educa\u00e7\u00e3o, a A\u00e7\u00e3o atividades pedag\u00f3gicas especiais antibullying.","arquivo":"http://sapl.cmm.am.gov.br/media/sapl/public/documentoacessorio/2023/46302/emenda_007_2023_mitoso.pdf","data_ultima_atualizacao":"2023-06-26T13:04:09.366948-04:00","materia":50229,"tipo":13}