{"id":46299,"__str__":"Emenda - Emenda 5 de 26/06/2023 por Vereador Mitoso","metadata":{},"nome":"Emenda 5","data":"2023-06-26","autor":"Vereador Mitoso","ementa":"Acrescenta no Anexo I - PRIORIDADES DA ADMINISTRA\u00c7\u00c3O P\u00daBLICA MUNICIPAL, na Fun\u00e7\u00e3o Gest\u00e3o Ambiental, a A\u00e7\u00e3o Apoio \u00e0 organiza\u00e7\u00e3o e funcionamento de cooperativas ou associa\u00e7\u00f5es de catadores de materiais reutiliz\u00e1veis e recicl\u00e1veis.","indexacao":"Acrescenta no Anexo I - PRIORIDADES DA ADMINISTRA\u00c7\u00c3O P\u00daBLICA MUNICIPAL, na Fun\u00e7\u00e3o Gest\u00e3o Ambiental, a A\u00e7\u00e3o Apoio \u00e0 organiza\u00e7\u00e3o e funcionamento de cooperativas ou associa\u00e7\u00f5es de catadores de materiais reutiliz\u00e1veis e recicl\u00e1veis.","arquivo":"http://sapl.cmm.am.gov.br/media/sapl/public/documentoacessorio/2023/46299/emenda_005_2023_mitoso.pdf","data_ultima_atualizacao":"2023-06-26T13:01:47.500858-04:00","materia":50229,"tipo":13}