{"id":45357,"__str__":"Parecer da Comiss\u00e3o - Parecer da Comiss\u00e3o de 05/06/2023 por RODRIGO GUEDES","metadata":{},"nome":"Parecer da Comiss\u00e3o","data":"2023-06-05","autor":"RODRIGO GUEDES","ementa":"Parecer da 23\u00aa Comiss\u00e3o da Pessoa com Defici\u00eancia ao Projeto de Lei n.\u00ba 259/2022, de autoria da VEREADORA THAYSA LIPPY, que disp\u00f5e sobre o reconhecimento do cord\u00e3o de girassol como instrumento auxiliar de orienta\u00e7\u00e3o para identifica\u00e7\u00e3o de pessoas com defici\u00eancias ocultas.","indexacao":"","arquivo":"http://sapl.cmm.am.gov.br/media/sapl/public/documentoacessorio/2022/45357/parecer_pl_259_2022_colar_do_girassol.pdf","data_ultima_atualizacao":"2023-06-07T09:56:40.344745-04:00","materia":29938,"tipo":9}