{"id":44977,"__str__":"Parecer do (a) Relator (a) - Parecer do (a) Relator (a) de 23/05/2023 por FRANSU\u00c1","metadata":{},"nome":"Parecer do (a) Relator (a)","data":"2023-05-23","autor":"FRANSU\u00c1","ementa":"PROJETO DE LEI N\u00ba. 091/2023\r\nAUTORIA: Vereador Alonso Oliveira\r\nEMENTA: INSTITUI o Projeto Grafite \u00e9 Arte no \u00e2mbito do munic\u00edpio de Manaus e d\u00e1 outras provid\u00eancias.","indexacao":"","arquivo":"http://sapl.cmm.am.gov.br/media/sapl/public/documentoacessorio/2023/44977/parecer_pl_091_2023_4.pdf","data_ultima_atualizacao":"2023-05-23T14:05:10.907776-04:00","materia":50004,"tipo":1}