{"id":44975,"__str__":"Parecer de Vista - Comiss\u00e3o - Parecer do (a) Relator (a) de 23/05/2023 por FRANSU\u00c1","metadata":{},"nome":"Parecer do (a) Relator (a)","data":"2023-05-23","autor":"FRANSU\u00c1","ementa":"PROJETO DE LEI N\u00ba. 276/2022\r\nAUTORIA: Vereador Kennedy Marques\r\nEMENTA: CRIA o Programa de Aten\u00e7\u00e3o \u00e0s Pessoas Portadoras do Transtorno de Acumula\u00e7\u00e3o Compulsiva de Animais no munic\u00edpio de Manaus e d\u00e1 outras provid\u00eancias.","indexacao":"","arquivo":"http://sapl.cmm.am.gov.br/media/sapl/public/documentoacessorio/2022/44975/parecer_pl_276_emenda_anexa_2023.pdf","data_ultima_atualizacao":"2023-05-23T14:01:00.988763-04:00","materia":30529,"tipo":4}