{"id":445,"__str__":"Parecer de Reda\u00e7\u00e3o - CCJR de 27/03/2020 por Comiss\u00e3o de Constitui\u00e7\u00e3o, Justi\u00e7a e Reda\u00e7\u00e3o","metadata":{},"nome":"CCJR","data":"2020-03-27","autor":"Comiss\u00e3o de Constitui\u00e7\u00e3o, Justi\u00e7a e Reda\u00e7\u00e3o","ementa":"INSTITUI o Dia Municipal de Conscientiza\u00e7\u00e3o sobre a Esclerose M\u00faltipla.","indexacao":"","arquivo":"http://sapl.cmm.am.gov.br/media/sapl/public/documentoacessorio/2019/445/parecer_de_redacao_da_ccjr.pdf","data_ultima_atualizacao":"2020-03-27T12:03:15.705798-04:00","materia":599,"tipo":11}