{"id":44152,"__str__":"Anexo - Anexo de 12/05/2023 por JO\u00c3O CARLOS","metadata":{},"nome":"Anexo","data":"2023-05-12","autor":"JO\u00c3O CARLOS","ementa":"ANEXO 01 AO PROJETO DE LEI N\u00b0 380/2022, RESTOU COMPROVAR A AUS\u00caNCIA DOS DOCUMENTOS ELENCADOS NOS INCISOS IV, V, VI E VIII \r\nE PARAGR\u00c1FO \u00daNICO, COO RELAT\u00d3RIOS PORMENORIZADOS DE TODAS AS ATIVIADES E SERVI\u00c7OS PRESTADOS \u00c1 COLETIVIDADE E QUE \r\nJUSTIFIQUEM A DECLARA\u00c7\u00c3O DE UTILIDADE P\u00daBICA.","indexacao":"","arquivo":"http://sapl.cmm.am.gov.br/media/sapl/public/documentoacessorio/2022/44152/anexo_01_ao_projeto_de_lei_n.pdf","data_ultima_atualizacao":"2023-05-16T09:00:01.533284-04:00","materia":42342,"tipo":10}