{"id":43870,"__str__":"Parecer do (a) Relator (a) - Parecer do (a) Relator (a) de 04/05/2023 por FRANSU\u00c1","metadata":{},"nome":"Parecer do (a) Relator (a)","data":"2023-05-04","autor":"FRANSU\u00c1","ementa":"PROJETO DE LEI N\u00ba. 98/2023\r\nAUTORIA: Vereador Roberto Sabino\r\nEMENTA: DISP\u00d5E sobre a proibi\u00e7\u00e3o do aumento de pre\u00e7os sem justa causa nas situa\u00e7\u00f5es de emerg\u00eancia social, calamidade p\u00fablica e epidemia.","indexacao":"","arquivo":"http://sapl.cmm.am.gov.br/media/sapl/public/documentoacessorio/2023/43870/parecer_pl_098_2023_1.pdf","data_ultima_atualizacao":"2023-05-08T09:52:49.448693-04:00","materia":50011,"tipo":1}