{"id":43270,"__str__":"Parecer do (a) Relator (a) - Parecer do (a) Relator (a) de 18/04/2023 por PEIXOTO","metadata":{},"nome":"Parecer do (a) Relator (a)","data":"2023-04-18","autor":"PEIXOTO","ementa":"Emenda n.\u00ba 01 ao Projeto de Lei n\u00ba. 279/2019, de autoria do Vereador Prof. Fransu\u00e1, que DISP\u00d5E sobre a obrigatoriedade de supermercados, hipermercados e atacad\u00f5es, possu\u00edrem carrinhos de compras adaptados \u00e0s pessoas com defici\u00eancia no \u00e2mbito do munic\u00edpio de Manaus e d\u00e1 outras provid\u00eancias.","indexacao":"","arquivo":"http://sapl.cmm.am.gov.br/media/sapl/public/documentoacessorio/2019/43270/parecer_-_emenda_01_ao_pl_279_-_adaptacao_carrinhos_pcd_s_-_prof_fransua.pdf","data_ultima_atualizacao":"2023-04-19T09:47:40.249440-04:00","materia":1600,"tipo":1}