{"id":42434,"__str__":"Parecer do (a) Relator (a) - Parecer do (a) Relator (a) de 28/03/2023 por DR. EDUARDO ASSIS","metadata":{},"nome":"Parecer do (a) Relator (a)","data":"2023-03-28","autor":"DR. EDUARDO ASSIS","ementa":"PROJETO DE LEI: N\u00b0 268/2022 - de autoria do Vereador Prof. Samuel, que \u201cDISP\u00d5E sobre desconto no Imposto sobre a Propriedade Predial e Territorial Urbana (IPTU) a im\u00f3veis localizados nas ruas onde funcionam as feiras livres no \u00e2mbito do munic\u00edpio de Manaus e d\u00e1 outras provid\u00eancias\u201d.","indexacao":"","arquivo":"http://sapl.cmm.am.gov.br/media/sapl/public/documentoacessorio/2022/42434/parecer_pl_268_2022_ver_prof_samuel.pdf","data_ultima_atualizacao":"2023-03-29T09:13:35.677542-04:00","materia":30034,"tipo":1}