{"id":41900,"__str__":"Parecer do (a) Relator (a) - Parecer do (a) Relator (a) de 21/03/2023 por FRANSU\u00c1","metadata":{},"nome":"Parecer do (a) Relator (a)","data":"2023-03-21","autor":"FRANSU\u00c1","ementa":"PROJETO DE LEI N\u00ba. 388/2022 \r\nAUTORIA: Vereador Rodrigo Guedes\r\nEMENTA: DISP\u00d5E sobre a obrigatoriedade de destinar \u00e1reas para estacionamento de bicicletas (biciclet\u00e1rio) nos \u00f3rg\u00e3os da Administra\u00e7\u00e3o Direta e Indireta do munic\u00edpio de Manaus e d\u00e1 outras provid\u00eancias.","indexacao":"","arquivo":"http://sapl.cmm.am.gov.br/media/sapl/public/documentoacessorio/2022/41900/parecer_pl_388_2022.pdf","data_ultima_atualizacao":"2023-05-01T18:20:40.498105-04:00","materia":43534,"tipo":1}