{"id":41778,"__str__":"Parecer do (a) Relator (a) - Parecer do Relator de 20/03/2023 por JO\u00c3O CARLOS","metadata":{},"nome":"Parecer do Relator","data":"2023-03-20","autor":"JO\u00c3O CARLOS","ementa":"Parecer do Projeto de Lei n.\u00ba 305/2022, de autoria do vereador Professor Samuel, que \u201cINSTITUI a Semana Municipal de Educa\u00e7\u00e3o Midi\u00e1tica e d\u00e1 outras provid\u00eancias e a EMENDA MODIFICATIVA N.___ AO PROJETO DE LEI N. 305/2022, de autoria do vereador Professor Samuel, que \u201cINSTITUI a Semana Municipal de Educa\u00e7\u00e3o Midi\u00e1tica e d\u00e1 outras provid\u00eancias. \u201d","indexacao":"","arquivo":"http://sapl.cmm.am.gov.br/media/sapl/public/documentoacessorio/2022/41778/305_-_2022_parecer_prof_samue_2_.pdf","data_ultima_atualizacao":"2023-04-05T14:46:31.454344-04:00","materia":32580,"tipo":1}