{"id":41765,"__str__":"Emenda - Emenda de 17/03/2023 por JO\u00c3O CARLOS","metadata":{},"nome":"Emenda","data":"2023-03-17","autor":"JO\u00c3O CARLOS","ementa":"EMENDA MODIFICATIVA N.___ AO PROJETO DE LEI N. 305/2022, de autoria do vereador Professor Samuel, que \u201cINSTITUI a Semana Municipal de Educa\u00e7\u00e3o Midi\u00e1tica e d\u00e1 outras provid\u00eancias.\u201d","indexacao":"","arquivo":"http://sapl.cmm.am.gov.br/media/sapl/public/documentoacessorio/2022/41765/emenda_ao_pl_305-2022.pdf","data_ultima_atualizacao":"2023-04-04T13:02:44.293172-04:00","materia":32580,"tipo":13}