{"id":41760,"__str__":"Parecer da Comiss\u00e3o - 2\u00aa CCJR de 17/03/2023 por JO\u00c3O CARLOS","metadata":{},"nome":"2\u00aa CCJR","data":"2023-03-17","autor":"JO\u00c3O CARLOS","ementa":"Parecer do Projeto de Lei n.\u00ba 680/2021, de autoria do vereador Allan Campelo, que \u201cINSTITUI no Calend\u00e1rio Oficial da Cidade de Manaus o Dia do Artista de Rua e d\u00e1 outras provid\u00eancias.\u201d","indexacao":"","arquivo":"http://sapl.cmm.am.gov.br/media/sapl/public/documentoacessorio/2021/41760/parecer_2a_pl_680_21.pdf","data_ultima_atualizacao":"2023-03-29T15:24:11.862448-04:00","materia":14372,"tipo":9}