{"id":41756,"__str__":"Parecer da Comiss\u00e3o - 2\u00aa CCJR de 17/03/2023 por JO\u00c3O CARLOS","metadata":{},"nome":"2\u00aa CCJR","data":"2023-03-17","autor":"JO\u00c3O CARLOS","ementa":"Parecer ao Projeto de Lei n.\u00ba 191/2021, de autoria do Vereador Peixoto, \u201cASSEGURA \u00e0 crian\u00e7a e ao adolescente cujos pais ou respons\u00e1veis sejam pessoas com defici\u00eancia ou com idade igual ou superior a 60 (sessenta) anos a m\u00e1xima prioridade de vaga em unidade da rede p\u00fablica municipal de ensino mais pr\u00f3xima de sua resid\u00eancia\u201d.","indexacao":"","arquivo":"http://sapl.cmm.am.gov.br/media/sapl/public/documentoacessorio/2021/41756/parecer_2a_pl_191_21.pdf","data_ultima_atualizacao":"2023-03-29T15:33:18.042550-04:00","materia":6132,"tipo":9}