{"id":40814,"__str__":"Parecer do (a) Relator (a) - Parecer do (a) Relator (a) de 07/03/2023 por DR. EDUARDO ASSIS","metadata":{},"nome":"Parecer do (a) Relator (a)","data":"2023-03-07","autor":"DR. EDUARDO ASSIS","ementa":"PROJETO DE LEI: N\u00b0 394/2021 - de autoria do Vereador William Alem\u00e3o, que \u201cDISP\u00d5E sobre a instala\u00e7\u00e3o de c\u00e2meras de monitoramento de seguran\u00e7a nas creches p\u00fablicas municipais e escolas p\u00fablicas municipais\u201d.","indexacao":"","arquivo":"http://sapl.cmm.am.gov.br/media/sapl/public/documentoacessorio/2021/40814/parecer_comed_394_2021_ver_william_alemao.pdf","data_ultima_atualizacao":"2023-03-07T13:48:21.296970-04:00","materia":8958,"tipo":1}