{"id":40390,"__str__":"Protocolo da PMM - DLEIS de 02/03/2023 por Divis\u00e3o de Leis","metadata":{},"nome":"DLEIS","data":"2023-03-02","autor":"Divis\u00e3o de Leis","ementa":"DISP\u00d5E sobre a inclus\u00e3o, no Calend\u00e1rio Oficial da Cidade de Manaus, do m\u00eas Junho Verde","indexacao":"","arquivo":"http://sapl.cmm.am.gov.br/media/sapl/public/documentoacessorio/2022/40390/projeto_de_lei_n._211_2022.pdf","data_ultima_atualizacao":"2023-03-02T09:46:08.956737-04:00","materia":29041,"tipo":27}