{"id":39157,"__str__":"Protocolo da PMM - DIL de 07/02/2023 por Divis\u00e3o de Leis","metadata":{},"nome":"DIL","data":"2023-02-07","autor":"Divis\u00e3o de Leis","ementa":"INSTITUI, no Calend\u00e1rio Oficial da Cidade de Manaus, a Semana de Acompanhamento Psicol\u00f3gico e Terap\u00eautico de Crian\u00e7as e Adolescentes das Escolas P\u00fablicas e Comunidades Pr\u00f3ximas e d\u00e1 outras provid\u00eancias","indexacao":"","arquivo":"http://sapl.cmm.am.gov.br/media/sapl/public/documentoacessorio/2017/39157/pl_n._272_2017_-_ver._marcel_alexandre.pdf","data_ultima_atualizacao":"2023-02-07T13:50:19.432276-04:00","materia":974,"tipo":27}